{"id":5555,"date":"2023-10-19T18:37:10","date_gmt":"2023-10-19T16:37:10","guid":{"rendered":"https:\/\/aluminiosvallirana.es\/?p=5555"},"modified":"2023-11-06T14:04:00","modified_gmt":"2023-11-06T13:04:00","slug":"nueva_planta_curvado_pvc","status":"publish","type":"post","link":"https:\/\/aluminiosvallirana.es\/fr\/nueva_planta_curvado_pvc\/","title":{"rendered":"Nueva Planta curvado PVC"},"content":{"rendered":"<div data-elementor-type=\"wp-post\" data-elementor-id=\"5555\" class=\"elementor elementor-5555\" data-elementor-post-type=\"post\">\n\t\t\t\t\t\t<section class=\"elementor-section elementor-top-section elementor-element elementor-element-db4681f elementor-section-boxed elementor-section-height-default elementor-section-height-default\" data-id=\"db4681f\" data-element_type=\"section\" data-e-type=\"section\">\r\n\t\t\r\n\t\t\t\t\t\t\t<div class=\"elementor-container elementor-column-gap-default\">\r\n\t\t\t\t\t\t\t\t\t\t\t<div class=\"elementor-column elementor-col-100 elementor-top-column elementor-element elementor-element-d72c2b5\" data-id=\"d72c2b5\" data-element_type=\"column\" data-e-type=\"column\">\r\n\t\t\t\t\t<div class=\"elementor-widget-wrap\">\r\n\t\t\t\t\t\t\t\t\t<\/div>\r\n\t\t\t\t<\/div>\r\n\t\t\t\t\t<\/div>\r\n\t\t\t\t<\/section>\r\n\t\t\t\t<section class=\"elementor-section elementor-top-section elementor-element elementor-element-0051ac4 elementor-section-boxed elementor-section-height-default elementor-section-height-default\" data-id=\"0051ac4\" data-element_type=\"section\" data-e-type=\"section\">\r\n\t\t\r\n\t\t\t\t\t\t\t<div class=\"elementor-container elementor-column-gap-default\">\r\n\t\t\t\t\t\t\t\t\t\t\t<div class=\"elementor-column elementor-col-100 elementor-top-column elementor-element elementor-element-059ea79\" data-id=\"059ea79\" data-element_type=\"column\" data-e-type=\"column\">\r\n\t\t\t\t\t<div class=\"elementor-widget-wrap elementor-element-populated\">\r\n\t\t\t\t\t\t\t\t<div class=\"elementor-element elementor-element-f0a253d elementor-widget elementor-widget-porto_ultimate_heading\" data-id=\"f0a253d\" data-element_type=\"widget\" data-e-type=\"widget\" data-widget_type=\"porto_ultimate_heading.default\">\n\t\t\t\t<div class=\"elementor-widget-container\">\n\t\t\t\t\t<div class=\"porto-u-heading  porto-u-55ca8359258f9a412be7e73af65d2aac\"><div class=\"porto-u-sub-heading\" style=\"\"><p>La Nueva Planta de Curvado de PVC: Un Paso Adelante en la Innovaci\u00f3n y Calidad de Aluminios Vallirana<\/p><\/div><style>.porto-u-55ca8359258f9a412be7e73af65d2aac.porto-u-heading{text-align:center}<\/style><\/div>\t\t\t\t<\/div>\n\t\t\t\t<\/div>\n\t\t\t\t<div class=\"elementor-element elementor-element-08fad7c elementor-widget elementor-widget-image\" data-id=\"08fad7c\" data-element_type=\"widget\" data-e-type=\"widget\" data-widget_type=\"image.default\">\n\t\t\t\t<div class=\"elementor-widget-container\">\n\t\t\t\t\t\t\t\t\t\t\t\t\t\t\t<img fetchpriority=\"high\" decoding=\"async\" width=\"1024\" height=\"683\" src=\"https:\/\/aluminiosvallirana.es\/wp-content\/uploads\/2023\/10\/ventana_curvada_pvc-1024x683.jpeg\" class=\"attachment-large size-large wp-image-5536\" alt=\"Ventana curvada PVC\" srcset=\"https:\/\/aluminiosvallirana.es\/wp-content\/uploads\/2023\/10\/ventana_curvada_pvc-1024x683.jpeg 1024w, https:\/\/aluminiosvallirana.es\/wp-content\/uploads\/2023\/10\/ventana_curvada_pvc-768x512.jpeg 768w, https:\/\/aluminiosvallirana.es\/wp-content\/uploads\/2023\/10\/ventana_curvada_pvc-640x427.jpeg 640w, https:\/\/aluminiosvallirana.es\/wp-content\/uploads\/2023\/10\/ventana_curvada_pvc-400x267.jpeg 400w, https:\/\/aluminiosvallirana.es\/wp-content\/uploads\/2023\/10\/ventana_curvada_pvc-600x400.jpeg 600w\" sizes=\"(max-width: 1024px) 100vw, 1024px\" \/>\t\t\t\t\t\t\t\t\t\t\t\t\t\t\t<\/div>\n\t\t\t\t<\/div>\n\t\t\t\t<div class=\"elementor-element elementor-element-1dbf178 elementor-widget__width-initial elementor-drop-cap-yes elementor-drop-cap-view-default elementor-widget elementor-widget-text-editor\" data-id=\"1dbf178\" data-element_type=\"widget\" data-e-type=\"widget\" data-settings=\"{&quot;drop_cap&quot;:&quot;yes&quot;}\" data-widget_type=\"text-editor.default\">\n\t\t\t\t<div class=\"elementor-widget-container\">\n\t\t\t\t\t\t\t\t\t<p>En el coraz\u00f3n de la industria de la carpinter\u00eda, Aluminios Vallirana se destaca por su maestr\u00eda en el curvado de perfiles, especialmente en el \u00e1mbito del PVC. Esta empresa, reconocida por su compromiso con la calidad y la satisfacci\u00f3n del cliente, ha dado un paso adelante inaugurando una nueva planta de curvados de PVC, reafirmando su liderazgo en el sector.<\/p><p>La especializaci\u00f3n en el curvado de PVC no es una aventura reciente para Aluminios Vallirana. Desde sus inicios, la compa\u00f1\u00eda ha enfocado sus esfuerzos en perfeccionar t\u00e9cnicas que garantizan productos duraderos y est\u00e9ticamente agradables. Los sistemas de ventana de guillotina y los perfiles curvados de PVC son testamento de la innovaci\u00f3n y la habilidad t\u00e9cnica que caracterizan a la empresa.<\/p><p>Con la apertura de esta nueva planta, Aluminios Vallirana ampl\u00eda su capacidad para ofrecer soluciones en PVC de alta calidad. El PVC es un material apreciado en la construcci\u00f3n por su resistencia a la intemperie y su eficiencia como aislante t\u00e9rmico y ac\u00fastico. Las ventanas de PVC fabricadas por Aluminios Vallirana, por ejemplo, son el ep\u00edtome de la precisi\u00f3n y la atenci\u00f3n al detalle, satisfaciendo las especificaciones exactas de cada cliente.<\/p>\t\t\t\t\t\t\t\t<\/div>\n\t\t\t\t<\/div>\n\t\t\t\t\t<\/div>\r\n\t\t\t\t<\/div>\r\n\t\t\t\t\t<\/div>\r\n\t\t\t\t<\/section>\r\n\t\t\t\t<section class=\"elementor-section elementor-top-section elementor-element elementor-element-8151a8c elementor-section-boxed elementor-section-height-default elementor-section-height-default\" data-id=\"8151a8c\" data-element_type=\"section\" data-e-type=\"section\">\r\n\t\t\r\n\t\t\t\t\t\t\t<div class=\"elementor-container elementor-column-gap-default\">\r\n\t\t\t\t\t\t\t\t\t\t\t<div class=\"elementor-column elementor-col-100 elementor-top-column elementor-element elementor-element-efbb236\" data-id=\"efbb236\" data-element_type=\"column\" data-e-type=\"column\">\r\n\t\t\t\t\t<div class=\"elementor-widget-wrap elementor-element-populated\">\r\n\t\t\t\t\t\t\t\t<div class=\"elementor-element elementor-element-d995696 elementor-widget elementor-widget-image\" data-id=\"d995696\" data-element_type=\"widget\" data-e-type=\"widget\" data-widget_type=\"image.default\">\n\t\t\t\t<div class=\"elementor-widget-container\">\n\t\t\t\t\t\t\t\t\t\t\t\t\t\t\t<img decoding=\"async\" src=\"https:\/\/aluminiosvallirana.es\/wp-content\/uploads\/elementor\/thumbs\/WhatsApp-Image-2023-06-20-at-15.02.38-qeyonhzer77l3tdg6wjocd0eswyab0rccjnpf8nmmw.jpeg\" title=\"WhatsApp Image 2023-06-20 at 15.02.38\" alt=\"WhatsApp Image 2023-06-20 at 15.02.38\" loading=\"lazy\" \/>\t\t\t\t\t\t\t\t\t\t\t\t\t\t\t<\/div>\n\t\t\t\t<\/div>\n\t\t\t\t\t<\/div>\r\n\t\t\t\t<\/div>\r\n\t\t\t\t\t<\/div>\r\n\t\t\t\t<\/section>\r\n\t\t\t\t<section class=\"elementor-section elementor-top-section elementor-element elementor-element-e086aba elementor-section-boxed elementor-section-height-default elementor-section-height-default\" data-id=\"e086aba\" data-element_type=\"section\" data-e-type=\"section\">\r\n\t\t\r\n\t\t\t\t\t\t\t<div class=\"elementor-container elementor-column-gap-default\">\r\n\t\t\t\t\t\t\t\t\t\t\t<div class=\"elementor-column elementor-col-100 elementor-top-column elementor-element elementor-element-b7994c2\" data-id=\"b7994c2\" data-element_type=\"column\" data-e-type=\"column\">\r\n\t\t\t\t\t<div class=\"elementor-widget-wrap elementor-element-populated\">\r\n\t\t\t\t\t\t\t\t<div class=\"elementor-element elementor-element-d1bac25 elementor-drop-cap-yes elementor-drop-cap-view-default elementor-widget elementor-widget-text-editor\" data-id=\"d1bac25\" data-element_type=\"widget\" data-e-type=\"widget\" data-settings=\"{&quot;drop_cap&quot;:&quot;yes&quot;}\" data-widget_type=\"text-editor.default\">\n\t\t\t\t<div class=\"elementor-widget-container\">\n\t\t\t\t\t\t\t\t\t<p style=\"font-family: Roboto, Poppins; font-weight: var( --e-global-typography-primary-font-weight ); text-align: justify;\">La nueva planta no solo refleja la evoluci\u00f3n y el crecimiento sostenido de Aluminios Vallirana, sino que tambi\u00e9n reafirma su compromiso con la mejora continua y la innovaci\u00f3n en el sector. La inversi\u00f3n en maquinaria de \u00faltima generaci\u00f3n para la flexi\u00f3n de PVC y aluminio permite a la empresa mantenerse a la vanguardia, ofreciendo una gama de productos y servicios que superan a la competencia.<\/p><p style=\"font-family: Roboto, Poppins; font-weight: var( --e-global-typography-primary-font-weight ); text-align: justify;\">Esta expansi\u00f3n fortalece la posici\u00f3n de Aluminios Vallirana como l\u00edder en la industria de la fabricaci\u00f3n de ventanas y perfiles curvados. Con un enfoque firme en la calidad del producto y la satisfacci\u00f3n del cliente, la nueva planta de curvados de PVC promete elevar el est\u00e1ndar de excelencia, contribuyendo a un futuro brillante y sostenible en el \u00e1mbito de la carpinter\u00eda de PVC y aluminio.<\/p><p style=\"font-family: Roboto, Poppins; font-weight: var( --e-global-typography-primary-font-weight ); text-align: justify;\">Palabras clave: Aluminios Vallirana, curvado de PVC, nueva planta de curvados, ventanas de guillotina, innovaci\u00f3n en carpinter\u00eda, l\u00edder en curvado de perfiles, satisfacci\u00f3n del cliente, productos de alta calidad.<\/p>\t\t\t\t\t\t\t\t<\/div>\n\t\t\t\t<\/div>\n\t\t\t\t\t<\/div>\r\n\t\t\t\t<\/div>\r\n\t\t\t\t\t<\/div>\r\n\t\t\t\t<\/section>\r\n\t\t\t\t<\/div>","protected":false},"excerpt":{"rendered":"<p>La Nueva Planta de Curvado de PVC: Un Paso Adelante en la Innovaci\u00f3n y Calidad de Aluminios Vallirana En el coraz\u00f3n de la industria de la carpinter\u00eda, Aluminios Vallirana se destaca por su maestr\u00eda en el curvado de perfiles, especialmente en el \u00e1mbito del PVC. Esta empresa, reconocida por su compromiso con la calidad y [&hellip;]<\/p>\n","protected":false},"author":5,"featured_media":5536,"comment_status":"closed","ping_status":"open","sticky":false,"template":"","format":"standard","meta":{"_acf_changed":false,"om_disable_all_campaigns":false,"footnotes":""},"categories":[253,252],"tags":[],"class_list":["post-5555","post","type-post","status-publish","format-standard","has-post-thumbnail","hentry","category-pvc","category-ventanas-curvadas-de-pvc"],"acf":[],"aioseo_notices":[],"featured_image_src":{"landsacpe":["https:\/\/aluminiosvallirana.es\/wp-content\/uploads\/2023\/10\/ventana_curvada_pvc-1140x445.jpeg",1140,445,true],"list":["https:\/\/aluminiosvallirana.es\/wp-content\/uploads\/2023\/10\/ventana_curvada_pvc-463x348.jpeg",463,348,true],"medium":["https:\/\/aluminiosvallirana.es\/wp-content\/uploads\/2023\/10\/ventana_curvada_pvc-300x200.jpeg",300,200,true],"full":["https:\/\/aluminiosvallirana.es\/wp-content\/uploads\/2023\/10\/ventana_curvada_pvc-scaled.jpeg",1920,1280,false]},"_links":{"self":[{"href":"https:\/\/aluminiosvallirana.es\/fr\/wp-json\/wp\/v2\/posts\/5555","targetHints":{"allow":["GET"]}}],"collection":[{"href":"https:\/\/aluminiosvallirana.es\/fr\/wp-json\/wp\/v2\/posts"}],"about":[{"href":"https:\/\/aluminiosvallirana.es\/fr\/wp-json\/wp\/v2\/types\/post"}],"author":[{"embeddable":true,"href":"https:\/\/aluminiosvallirana.es\/fr\/wp-json\/wp\/v2\/users\/5"}],"replies":[{"embeddable":true,"href":"https:\/\/aluminiosvallirana.es\/fr\/wp-json\/wp\/v2\/comments?post=5555"}],"version-history":[{"count":8,"href":"https:\/\/aluminiosvallirana.es\/fr\/wp-json\/wp\/v2\/posts\/5555\/revisions"}],"predecessor-version":[{"id":5630,"href":"https:\/\/aluminiosvallirana.es\/fr\/wp-json\/wp\/v2\/posts\/5555\/revisions\/5630"}],"wp:featuredmedia":[{"embeddable":true,"href":"https:\/\/aluminiosvallirana.es\/fr\/wp-json\/wp\/v2\/media\/5536"}],"wp:attachment":[{"href":"https:\/\/aluminiosvallirana.es\/fr\/wp-json\/wp\/v2\/media?parent=5555"}],"wp:term":[{"taxonomy":"category","embeddable":true,"href":"https:\/\/aluminiosvallirana.es\/fr\/wp-json\/wp\/v2\/categories?post=5555"},{"taxonomy":"post_tag","embeddable":true,"href":"https:\/\/aluminiosvallirana.es\/fr\/wp-json\/wp\/v2\/tags?post=5555"}],"curies":[{"name":"wp","href":"https:\/\/api.w.org\/{rel}","templated":true}]}}