{"id":5646,"date":"2023-11-08T12:12:35","date_gmt":"2023-11-08T11:12:35","guid":{"rendered":"https:\/\/aluminiosvallirana.es\/?p=5646"},"modified":"2023-11-20T15:53:40","modified_gmt":"2023-11-20T14:53:40","slug":"obra-ventanas-guillotinas-av110-rpt-en-el-monasterio-budista-del-garraf","status":"publish","type":"post","link":"https:\/\/aluminiosvallirana.es\/fr\/obra-ventanas-guillotinas-av110-rpt-en-el-monasterio-budista-del-garraf\/","title":{"rendered":"Obra Ventanas Guillotinas AV110 RPT en el Monasterio Budista del Garraf"},"content":{"rendered":"<p>La Ventana Guillotina AV110 RPT fabricada por Aluminios Vallirana representa un dise\u00f1o cl\u00e1sico reimaginado para la modernidad, destac\u00e1ndose por su funcionalidad y versatilidad, a causa de su apertura vertical. Este modelo ofrece un sistema de hojas que se deslizan verticalmente, permitiendo una ventilaci\u00f3n ajustable y f\u00e1cil manejo gracias a un sistema de balance con contrapesos o muelles. La AV110 RPT no solo es pr\u00e1ctica sino tambi\u00e9n est\u00e9tica, ofreciendo una variedad de acabados y materiales, as\u00ed como opciones de personalizaci\u00f3n en color y tipo de cristal, adapt\u00e1ndose a las necesidades espec\u00edficas de dise\u00f1o y del cliente.<\/p>\n\n\n\n<figure class=\"wp-block-gallery has-nested-images columns-default is-cropped wp-block-gallery-1 is-layout-flex wp-block-gallery-is-layout-flex\">\n<figure class=\"wp-block-image size-large\"><img fetchpriority=\"high\" decoding=\"async\" width=\"1024\" height=\"576\" data-id=\"5612\" src=\"https:\/\/aluminiosvallirana.es\/wp-content\/uploads\/2023\/10\/20220304_143900-1024x576.jpg\" alt=\"\" class=\"wp-image-5612\" srcset=\"https:\/\/aluminiosvallirana.es\/wp-content\/uploads\/2023\/10\/20220304_143900-1024x576.jpg 1024w, https:\/\/aluminiosvallirana.es\/wp-content\/uploads\/2023\/10\/20220304_143900-768x432.jpg 768w, https:\/\/aluminiosvallirana.es\/wp-content\/uploads\/2023\/10\/20220304_143900-640x360.jpg 640w, https:\/\/aluminiosvallirana.es\/wp-content\/uploads\/2023\/10\/20220304_143900-400x225.jpg 400w, https:\/\/aluminiosvallirana.es\/wp-content\/uploads\/2023\/10\/20220304_143900-600x338.jpg 600w\" sizes=\"(max-width: 1024px) 100vw, 1024px\" \/><\/figure>\n\n\n\n<figure class=\"wp-block-image size-large\"><img decoding=\"async\" width=\"1024\" height=\"576\" data-id=\"5611\" src=\"https:\/\/aluminiosvallirana.es\/wp-content\/uploads\/2023\/10\/20220304_144040-1024x576.jpg\" alt=\"\" class=\"wp-image-5611\" srcset=\"https:\/\/aluminiosvallirana.es\/wp-content\/uploads\/2023\/10\/20220304_144040-1024x576.jpg 1024w, https:\/\/aluminiosvallirana.es\/wp-content\/uploads\/2023\/10\/20220304_144040-768x432.jpg 768w, https:\/\/aluminiosvallirana.es\/wp-content\/uploads\/2023\/10\/20220304_144040-640x360.jpg 640w, https:\/\/aluminiosvallirana.es\/wp-content\/uploads\/2023\/10\/20220304_144040-400x225.jpg 400w, https:\/\/aluminiosvallirana.es\/wp-content\/uploads\/2023\/10\/20220304_144040-600x338.jpg 600w\" sizes=\"(max-width: 1024px) 100vw, 1024px\" \/><\/figure>\n<\/figure>\n\n\n\n<p><\/p>\n\n\n\n<p>Su construcci\u00f3n no solo promete un bloqueo seguro para la protecci\u00f3n de los usuarios, sino que tambi\u00e9n enfatiza la eficiencia energ\u00e9tica a trav\u00e9s de vidrios de doble acristalamiento y sellados de alta calidad. Adem\u00e1s, la ventana est\u00e1 dise\u00f1ada pensando en el mantenimiento, facilitando la limpieza con hojas abatibles. No menos importante, proporciona un excelente aislamiento ac\u00fastico, garantizando un ambiente tranquilo y sereno al interior. El modelo AV110 RPT es, por tanto, una amalgama de dise\u00f1o, seguridad y comodidad, adapt\u00e1ndose a las exigencias contempor\u00e1neas de hogares y edificios.<\/p>\n\n\n\n<h2 class=\"wp-block-heading\">\u00bfQu\u00e9 significa RPT?<\/h2>\n\n\n\n<p>Un aspecto destacado del modelo de ventana vertical AV110 RPT, es su capacidad de rotura de puente t\u00e9rmico, una caracter\u00edstica esencial para mejorar el aislamiento t\u00e9rmico. Este sistema interrumpe la continuidad del marco que conecta las partes interna y externa de la ventana vertical, minimizando la conductividad t\u00e9rmica y, por lo tanto, reduciendo la p\u00e9rdida de calor y la incidencia de condensaci\u00f3n. Esto no solo aporta confort, sino que tambi\u00e9n contribuye significativamente al ahorro energ\u00e9tico.<\/p>","protected":false},"excerpt":{"rendered":"<p>La Ventana Guillotina AV110 RPT fabricada por Aluminios Vallirana representa un dise\u00f1o cl\u00e1sico reimaginado para la modernidad, destac\u00e1ndose por su funcionalidad y versatilidad, a causa de su apertura vertical. Este modelo ofrece un sistema de hojas que se deslizan verticalmente, permitiendo una ventilaci\u00f3n ajustable y f\u00e1cil manejo gracias a un sistema de balance con contrapesos [&hellip;]<\/p>\n","protected":false},"author":5,"featured_media":5610,"comment_status":"closed","ping_status":"open","sticky":false,"template":"","format":"standard","meta":{"_acf_changed":false,"om_disable_all_campaigns":false,"footnotes":""},"categories":[250,246],"tags":[256,254],"class_list":["post-5646","post","type-post","status-publish","format-standard","has-post-thumbnail","hentry","category-ventana_guillotina_av110rpt","category-ventanas","tag-obras","tag-ventanas"],"acf":[],"aioseo_notices":[],"featured_image_src":{"landsacpe":["https:\/\/aluminiosvallirana.es\/wp-content\/uploads\/2023\/10\/20220304_143923-1140x445.jpg",1140,445,true],"list":["https:\/\/aluminiosvallirana.es\/wp-content\/uploads\/2023\/10\/20220304_143923-463x348.jpg",463,348,true],"medium":["https:\/\/aluminiosvallirana.es\/wp-content\/uploads\/2023\/10\/20220304_143923-300x169.jpg",300,169,true],"full":["https:\/\/aluminiosvallirana.es\/wp-content\/uploads\/2023\/10\/20220304_143923-scaled.jpg",1920,1080,false]},"_links":{"self":[{"href":"https:\/\/aluminiosvallirana.es\/fr\/wp-json\/wp\/v2\/posts\/5646","targetHints":{"allow":["GET"]}}],"collection":[{"href":"https:\/\/aluminiosvallirana.es\/fr\/wp-json\/wp\/v2\/posts"}],"about":[{"href":"https:\/\/aluminiosvallirana.es\/fr\/wp-json\/wp\/v2\/types\/post"}],"author":[{"embeddable":true,"href":"https:\/\/aluminiosvallirana.es\/fr\/wp-json\/wp\/v2\/users\/5"}],"replies":[{"embeddable":true,"href":"https:\/\/aluminiosvallirana.es\/fr\/wp-json\/wp\/v2\/comments?post=5646"}],"version-history":[{"count":2,"href":"https:\/\/aluminiosvallirana.es\/fr\/wp-json\/wp\/v2\/posts\/5646\/revisions"}],"predecessor-version":[{"id":5650,"href":"https:\/\/aluminiosvallirana.es\/fr\/wp-json\/wp\/v2\/posts\/5646\/revisions\/5650"}],"wp:featuredmedia":[{"embeddable":true,"href":"https:\/\/aluminiosvallirana.es\/fr\/wp-json\/wp\/v2\/media\/5610"}],"wp:attachment":[{"href":"https:\/\/aluminiosvallirana.es\/fr\/wp-json\/wp\/v2\/media?parent=5646"}],"wp:term":[{"taxonomy":"category","embeddable":true,"href":"https:\/\/aluminiosvallirana.es\/fr\/wp-json\/wp\/v2\/categories?post=5646"},{"taxonomy":"post_tag","embeddable":true,"href":"https:\/\/aluminiosvallirana.es\/fr\/wp-json\/wp\/v2\/tags?post=5646"}],"curies":[{"name":"wp","href":"https:\/\/api.w.org\/{rel}","templated":true}]}}