{"id":5700,"date":"2024-01-17T11:27:38","date_gmt":"2024-01-17T10:27:38","guid":{"rendered":"https:\/\/aluminiosvallirana.es\/?p=5700"},"modified":"2024-01-17T12:49:27","modified_gmt":"2024-01-17T11:49:27","slug":"curvado_lateral_aluminio_sant_joan_deu","status":"publish","type":"post","link":"https:\/\/aluminiosvallirana.es\/fr\/curvado_lateral_aluminio_sant_joan_deu\/","title":{"rendered":"M\u00e1s que un curvado lateral. Obra hospital Sant Joan de Deu, Barcelona"},"content":{"rendered":"<div data-elementor-type=\"wp-post\" data-elementor-id=\"5700\" class=\"elementor elementor-5700\" data-elementor-post-type=\"post\">\n\t\t\t\t\t\t<section class=\"elementor-section elementor-top-section elementor-element elementor-element-4433d4d9 elementor-section-boxed elementor-section-height-default elementor-section-height-default\" data-id=\"4433d4d9\" data-element_type=\"section\" data-e-type=\"section\">\r\n\t\t\r\n\t\t\t\t\t\t\t<div class=\"elementor-container elementor-column-gap-default\">\r\n\t\t\t\t\t\t\t\t\t\t\t<div class=\"elementor-column elementor-col-100 elementor-top-column elementor-element elementor-element-7f93b0cd\" data-id=\"7f93b0cd\" data-element_type=\"column\" data-e-type=\"column\">\r\n\t\t\t\t\t<div class=\"elementor-widget-wrap elementor-element-populated\">\r\n\t\t\t\t\t\t\t\t<div class=\"elementor-element elementor-element-ff24d32 elementor-widget elementor-widget-text-editor\" data-id=\"ff24d32\" data-element_type=\"widget\" data-e-type=\"widget\" data-widget_type=\"text-editor.default\">\n\t\t\t\t<div class=\"elementor-widget-container\">\n\t\t\t\t\t\t\t\t\t<p><\/p>\n<p>Aluminios Vallirana, empresa especializada en la fabricaci\u00f3n y en el curvado de aluminio, a la hora de dar forma curva a ventanas o estructuras de aluminio se implanta la t\u00e9cnica del curvado lateral. Esta se caracteriza finalmente, en la b\u00fasqueda de soluciones con referentes en ingenier\u00eda, m\u00e9todos novedosos del curvados y t\u00e9cnicas especializadas para poder llegar a una ventana o estructura de curvado lateral que cumpla las capacidades, prestaciones y funcionamientos adecuados a los que se enfrentan y que Aluminios Vallirana hace posible con su servicio de curvado lateral.<\/p>\n<p>MAS QUE UN CURVADO LATERAL<\/p>\n<p>Actualmente se ha realizado para unas de la sala de administraci\u00f3n y control circular m\u00e1s tecnol\u00f3gicas del pa\u00eds del Hospital Sant Joan de Deu en Barcelona, una estructura central curvada de forma lateral, que separa las tem\u00e1ticas de control y reuni\u00f3n. Dicha estructura esta compuesta por fijos curvos laterales formando un circulo en el que se adopta una puerta corredera curvada lateralmente para facilitar el acceso y la comodidad de entrada a esta sala de reuniones, sin perjudicar la est\u00e9tica de la sala y poder dar a esta habitaci\u00f3n un espacio con gran eficiencia energ\u00e9tica y de gran capacidad insonora gracias a la tipolog\u00eda de perfil y vidrio utilizado, Alba 65 RPT en 7016 texturado.<\/p>\n<p><\/p>\t\t\t\t\t\t\t\t<\/div>\n\t\t\t\t<\/div>\n\t\t\t\t\t<\/div>\r\n\t\t\t\t<\/div>\r\n\t\t\t\t\t<\/div>\r\n\t\t\t\t<\/section>\r\n\t\t\t\t<section class=\"elementor-section elementor-top-section elementor-element elementor-element-62eae84 elementor-section-boxed elementor-section-height-default elementor-section-height-default\" data-id=\"62eae84\" data-element_type=\"section\" data-e-type=\"section\">\r\n\t\t\r\n\t\t\t\t\t\t\t<div class=\"elementor-container elementor-column-gap-default\">\r\n\t\t\t\t\t\t\t\t\t\t\t<div class=\"elementor-column elementor-col-100 elementor-top-column elementor-element elementor-element-b90ff21\" data-id=\"b90ff21\" data-element_type=\"column\" data-e-type=\"column\">\r\n\t\t\t\t\t<div class=\"elementor-widget-wrap elementor-element-populated\">\r\n\t\t\t\t\t\t\t\t<div class=\"elementor-element elementor-element-8e72afd elementor-widget elementor-widget-image-carousel\" data-id=\"8e72afd\" data-element_type=\"widget\" data-e-type=\"widget\" data-settings=\"{&quot;slides_to_show&quot;:&quot;2&quot;,&quot;navigation&quot;:&quot;none&quot;,&quot;autoplay&quot;:&quot;no&quot;,&quot;infinite&quot;:&quot;yes&quot;,&quot;speed&quot;:500}\" data-widget_type=\"image-carousel.default\">\n\t\t\t\t<div class=\"elementor-widget-container\">\n\t\t\t\t\t\t\t<div class=\"elementor-image-carousel-wrapper swiper\" role=\"region\" aria-roledescription=\"carousel\" aria-label=\"Carrousel d\u2019images\" dir=\"ltr\">\n\t\t\t<div class=\"elementor-image-carousel swiper-wrapper\" aria-live=\"polite\">\n\t\t\t\t\t\t\t\t<div class=\"swiper-slide\" role=\"group\" aria-roledescription=\"slide\" aria-label=\"1 sur 2\" data-no-translation-aria-label=\"\"><figure class=\"swiper-slide-inner\"><img decoding=\"async\" class=\"swiper-slide-image\" src=\"https:\/\/aluminiosvallirana.es\/wp-content\/uploads\/2024\/01\/20240109_141253-300x225.jpg\" alt=\"20240109_141253\" \/><\/figure><\/div><div class=\"swiper-slide\" role=\"group\" aria-roledescription=\"slide\" aria-label=\"2 sur 2\" data-no-translation-aria-label=\"\"><figure class=\"swiper-slide-inner\"><img decoding=\"async\" class=\"swiper-slide-image\" src=\"https:\/\/aluminiosvallirana.es\/wp-content\/uploads\/2024\/01\/20240109_140858-300x225.jpg\" alt=\"20240109_140858\" \/><\/figure><\/div>\t\t\t<\/div>\n\t\t\t\t\t\t\t\n\t\t\t\t\t\t\t\t\t<\/div>\n\t\t\t\t\t\t<\/div>\n\t\t\t\t<\/div>\n\t\t\t\t\t<\/div>\r\n\t\t\t\t<\/div>\r\n\t\t\t\t\t<\/div>\r\n\t\t\t\t<\/section>\r\n\t\t\t\t<section class=\"elementor-section elementor-top-section elementor-element elementor-element-6399bfd elementor-section-boxed elementor-section-height-default elementor-section-height-default\" data-id=\"6399bfd\" data-element_type=\"section\" data-e-type=\"section\">\r\n\t\t\r\n\t\t\t\t\t\t\t<div class=\"elementor-container elementor-column-gap-default\">\r\n\t\t\t\t\t\t\t\t\t\t\t<div class=\"elementor-column elementor-col-100 elementor-top-column elementor-element elementor-element-83cd97b\" data-id=\"83cd97b\" data-element_type=\"column\" data-e-type=\"column\">\r\n\t\t\t\t\t<div class=\"elementor-widget-wrap elementor-element-populated\">\r\n\t\t\t\t\t\t\t\t<div class=\"elementor-element elementor-element-bfd0a31 elementor-widget elementor-widget-heading\" data-id=\"bfd0a31\" data-element_type=\"widget\" data-e-type=\"widget\" data-widget_type=\"heading.default\">\n\t\t\t\t<div class=\"elementor-widget-container\">\n\t\t\t\t\t<h2 class=\"elementor-heading-title elementor-size-default\">Si buscas soluciones de carpinter\u00eda de aluminio o PVC, Aluminios Vallirana es la elecci\u00f3n acertada.<\/h2>\t\t\t\t<\/div>\n\t\t\t\t<\/div>\n\t\t\t\t<div class=\"elementor-element elementor-element-58c6b7c elementor-widget elementor-widget-text-editor\" data-id=\"58c6b7c\" data-element_type=\"widget\" data-e-type=\"widget\" data-widget_type=\"text-editor.default\">\n\t\t\t\t<div class=\"elementor-widget-container\">\n\t\t\t\t\t\t\t\t\t<p class=\"MsoNormal\" style=\"text-align: justify;\">En t\u00e9rminos de \u201cnovedades\u201d, Aluminios Vallirana podr\u00eda estar explorando tecnolog\u00edas avanzadas o t\u00e9cnicas innovadoras para mejorar su proceso de curvado lateral. Esto podr\u00eda incluir la adopci\u00f3n de nuevas maquinarias, el desarrollo de m\u00e9todos m\u00e1s eficientes o precisos, o la implementaci\u00f3n de software de dise\u00f1o asistido para mejorar la precisi\u00f3n y la eficiencia en la creaci\u00f3n de ventanas curvas laterales y piezas curvas<\/p>\n<p class=\"MsoNormal\" style=\"text-align: justify;\">Las estructuras modernas tanto en curva como en curvados laterales demandan cada vez m\u00e1s dise\u00f1os \u00fanicos y exclusivos, con menos recursos para poder ejercerlas por lo que aqu\u00ed es donde entra la maestr\u00eda de Aluminios Vallirana, mediante de t\u00e9cnicas de curvado avanzadas. Esta empresa ha ofrecido soluciones no solo est\u00e9ticamente impecables, sino tambi\u00e9n funcionales adaptando el nuevo proyecto curvado, como el curvado lateral actualmente visto, a las obras y reformas a efectuar, encontrando siempre la soluci\u00f3n a las adversidades, de plasmar una idea en la realidad.<\/p>\t\t\t\t\t\t\t\t<\/div>\n\t\t\t\t<\/div>\n\t\t\t\t\t<\/div>\r\n\t\t\t\t<\/div>\r\n\t\t\t\t\t<\/div>\r\n\t\t\t\t<\/section>\r\n\t\t\t\t<\/div>","protected":false},"excerpt":{"rendered":"<p>Aluminios Vallirana, empresa especializada en la fabricaci\u00f3n y en el curvado de aluminio, a la hora de dar forma curva a ventanas o estructuras de aluminio se implanta la t\u00e9cnica del curvado lateral. Esta se caracteriza finalmente, en la b\u00fasqueda de soluciones con referentes en ingenier\u00eda, m\u00e9todos novedosos del curvados y t\u00e9cnicas especializadas para poder [&hellip;]<\/p>\n","protected":false},"author":6,"featured_media":5712,"comment_status":"closed","ping_status":"open","sticky":false,"template":"","format":"standard","meta":{"_acf_changed":false,"om_disable_all_campaigns":false,"footnotes":""},"categories":[246,247],"tags":[254],"class_list":["post-5700","post","type-post","status-publish","format-standard","has-post-thumbnail","hentry","category-ventanas","category-ventanas-curvadas","tag-ventanas"],"acf":[],"aioseo_notices":[],"featured_image_src":{"landsacpe":["https:\/\/aluminiosvallirana.es\/wp-content\/uploads\/2024\/01\/curvado-lateral-hospital-sant-pau-barcelona-1140x445.jpg",1140,445,true],"list":["https:\/\/aluminiosvallirana.es\/wp-content\/uploads\/2024\/01\/curvado-lateral-hospital-sant-pau-barcelona-463x348.jpg",463,348,true],"medium":["https:\/\/aluminiosvallirana.es\/wp-content\/uploads\/2024\/01\/curvado-lateral-hospital-sant-pau-barcelona-300x225.jpg",300,225,true],"full":["https:\/\/aluminiosvallirana.es\/wp-content\/uploads\/2024\/01\/curvado-lateral-hospital-sant-pau-barcelona-scaled.jpg",1920,1440,false]},"_links":{"self":[{"href":"https:\/\/aluminiosvallirana.es\/fr\/wp-json\/wp\/v2\/posts\/5700","targetHints":{"allow":["GET"]}}],"collection":[{"href":"https:\/\/aluminiosvallirana.es\/fr\/wp-json\/wp\/v2\/posts"}],"about":[{"href":"https:\/\/aluminiosvallirana.es\/fr\/wp-json\/wp\/v2\/types\/post"}],"author":[{"embeddable":true,"href":"https:\/\/aluminiosvallirana.es\/fr\/wp-json\/wp\/v2\/users\/6"}],"replies":[{"embeddable":true,"href":"https:\/\/aluminiosvallirana.es\/fr\/wp-json\/wp\/v2\/comments?post=5700"}],"version-history":[{"count":4,"href":"https:\/\/aluminiosvallirana.es\/fr\/wp-json\/wp\/v2\/posts\/5700\/revisions"}],"predecessor-version":[{"id":5707,"href":"https:\/\/aluminiosvallirana.es\/fr\/wp-json\/wp\/v2\/posts\/5700\/revisions\/5707"}],"wp:featuredmedia":[{"embeddable":true,"href":"https:\/\/aluminiosvallirana.es\/fr\/wp-json\/wp\/v2\/media\/5712"}],"wp:attachment":[{"href":"https:\/\/aluminiosvallirana.es\/fr\/wp-json\/wp\/v2\/media?parent=5700"}],"wp:term":[{"taxonomy":"category","embeddable":true,"href":"https:\/\/aluminiosvallirana.es\/fr\/wp-json\/wp\/v2\/categories?post=5700"},{"taxonomy":"post_tag","embeddable":true,"href":"https:\/\/aluminiosvallirana.es\/fr\/wp-json\/wp\/v2\/tags?post=5700"}],"curies":[{"name":"wp","href":"https:\/\/api.w.org\/{rel}","templated":true}]}}