{"id":6146,"date":"2025-03-18T23:10:35","date_gmt":"2025-03-18T22:10:35","guid":{"rendered":"https:\/\/aluminiosvallirana.es\/?p=6146"},"modified":"2025-03-19T00:02:53","modified_gmt":"2025-03-18T23:02:53","slug":"av-skyline-ventana-guillotina-integracion-interior-exterior","status":"publish","type":"post","link":"https:\/\/aluminiosvallirana.es\/fr\/av-skyline-ventana-guillotina-integracion-interior-exterior\/","title":{"rendered":"AV-Skyline: La ventana guillotina que redefine la integraci\u00f3n interior-exterior"},"content":{"rendered":"<div data-elementor-type=\"wp-post\" data-elementor-id=\"6146\" class=\"elementor elementor-6146\" data-elementor-post-type=\"post\">\n\t\t\t\t\t\t<section class=\"elementor-section elementor-top-section elementor-element elementor-element-1a4ea14 elementor-section-boxed elementor-section-height-default elementor-section-height-default\" data-id=\"1a4ea14\" data-element_type=\"section\" data-e-type=\"section\">\r\n\t\t\r\n\t\t\t\t\t\t\t<div class=\"elementor-container elementor-column-gap-default\">\r\n\t\t\t\t\t\t\t\t\t\t\t<div class=\"elementor-column elementor-col-100 elementor-top-column elementor-element elementor-element-5b9e388\" data-id=\"5b9e388\" data-element_type=\"column\" data-e-type=\"column\">\r\n\t\t\t\t\t<div class=\"elementor-widget-wrap elementor-element-populated\">\r\n\t\t\t\t\t\t\t\t<div class=\"elementor-element elementor-element-4ac3b1c elementor-widget elementor-widget-heading\" data-id=\"4ac3b1c\" data-element_type=\"widget\" data-e-type=\"widget\" data-widget_type=\"heading.default\">\n\t\t\t\t<div class=\"elementor-widget-container\">\n\t\t\t\t\t<h2 class=\"elementor-heading-title elementor-size-default\">Optimizaci\u00f3n del espacio y m\u00e1xima luminosidad con tecnolog\u00eda de vanguardia<\/h2>\t\t\t\t<\/div>\n\t\t\t\t<\/div>\n\t\t\t\t<div class=\"elementor-element elementor-element-98339e5 elementor-widget elementor-widget-text-editor\" data-id=\"98339e5\" data-element_type=\"widget\" data-e-type=\"widget\" data-widget_type=\"text-editor.default\">\n\t\t\t\t<div class=\"elementor-widget-container\">\n\t\t\t\t\t\t\t\t\t<p class=\"p1\">En el dise\u00f1o arquitect\u00f3nico actual, la integraci\u00f3n fluida entre interior y exterior es clave para maximizar la luz natural, optimizar el espacio y mejorar la eficiencia energ\u00e9tica de los proyectos. La ventana guillotina <span class=\"s1\"><b>AV-Skyline<\/b><\/span>, fabricada por <span class=\"s1\"><b>Aluminium Vallirana<\/b><\/span>, representa una soluci\u00f3n avanzada para aquellos profesionales que buscan una alternativa innovadora, segura y vers\u00e1til.<\/p>\t\t\t\t\t\t\t\t<\/div>\n\t\t\t\t<\/div>\n\t\t\t\t<div class=\"elementor-element elementor-element-475cf7b elementor-widget elementor-widget-heading\" data-id=\"475cf7b\" data-element_type=\"widget\" data-e-type=\"widget\" data-widget_type=\"heading.default\">\n\t\t\t\t<div class=\"elementor-widget-container\">\n\t\t\t\t\t<h2 class=\"elementor-heading-title elementor-size-default\">Dise\u00f1o funcional sin barreras<\/h2>\t\t\t\t<\/div>\n\t\t\t\t<\/div>\n\t\t\t\t<div class=\"elementor-element elementor-element-58d5f92 elementor-widget elementor-widget-text-editor\" data-id=\"58d5f92\" data-element_type=\"widget\" data-e-type=\"widget\" data-widget_type=\"text-editor.default\">\n\t\t\t\t<div class=\"elementor-widget-container\">\n\t\t\t\t\t\t\t\t\t<p class=\"p1\">A diferencia de otros sistemas tradicionales de cerramiento, <span class=\"s1\"><b>AV-Skyline elimina elementos innecesarios<\/b><\/span>, permitiendo una vista panor\u00e1mica sin interrupciones y una apertura eficiente que no invade el interior ni el exterior del espacio. Su sistema de deslizamiento vertical, basado en <span class=\"s1\"><b>muelles y contrapesos<\/b><\/span>, garantiza un accionamiento suave y seguro, ya sea de forma <span class=\"s1\"><b>manual o motorizada<\/b><\/span>.<\/p>\t\t\t\t\t\t\t\t<\/div>\n\t\t\t\t<\/div>\n\t\t\t\t<div class=\"elementor-element elementor-element-e1c156b elementor-widget elementor-widget-heading\" data-id=\"e1c156b\" data-element_type=\"widget\" data-e-type=\"widget\" data-widget_type=\"heading.default\">\n\t\t\t\t<div class=\"elementor-widget-container\">\n\t\t\t\t\t<h2 class=\"elementor-heading-title elementor-size-default\">Eficiencia energ\u00e9tica y certificaciones t\u00e9cnicas\n<\/h2>\t\t\t\t<\/div>\n\t\t\t\t<\/div>\n\t\t\t\t<div class=\"elementor-element elementor-element-a69c985 elementor-widget elementor-widget-text-editor\" data-id=\"a69c985\" data-element_type=\"widget\" data-e-type=\"widget\" data-widget_type=\"text-editor.default\">\n\t\t\t\t<div class=\"elementor-widget-container\">\n\t\t\t\t\t\t\t\t\t<p class=\"p1\">Este modelo no solo destaca por su est\u00e9tica limpia y funcional, sino por su capacidad para mejorar la eficiencia energ\u00e9tica del edificio. Gracias a su estructura y materiales de alto rendimiento, cuenta con certificaciones que garantizan sus prestaciones en diferentes \u00e1mbitos:<\/p><p class=\"p3\"><span class=\"s1\">\u2705 <\/span><b>Permeabilidad al aire:<\/b><span class=\"s1\"> Clase 4<br \/><\/span><span class=\"s1\">\u2705 <\/span><b>Estanqueidad al agua:<\/b><span class=\"s1\"> Clase 7A<br \/><\/span><span class=\"s1\">\u2705 <\/span><b>Resistencia al viento:<\/b><span class=\"s1\"> Clase C5<br \/><\/span><span class=\"s1\">\u2705 <\/span><b>Aislamiento ac\u00fastico:<\/b><span class=\"s1\"> Rw = 38dB<br \/><\/span><span class=\"s1\">\u2705 <\/span><b>Transmitancia t\u00e9rmica:<\/b><span class=\"s1\"> Uw \u2265 1,5 W\/m\u00b2K<\/span><\/p><p class=\"p1\">Estos valores convierten a <span class=\"s2\"><b>AV-Skyline<\/b><\/span> en una opci\u00f3n ideal para proyectos donde el <span class=\"s2\"><b>confort t\u00e9rmico y ac\u00fastico<\/b><\/span> es una prioridad.<\/p>\t\t\t\t\t\t\t\t<\/div>\n\t\t\t\t<\/div>\n\t\t\t\t\t<\/div>\r\n\t\t\t\t<\/div>\r\n\t\t\t\t\t<\/div>\r\n\t\t\t\t<\/section>\r\n\t\t\t\t<section class=\"elementor-section elementor-top-section elementor-element elementor-element-ddd2c6f elementor-section-boxed elementor-section-height-default elementor-section-height-default\" data-id=\"ddd2c6f\" data-element_type=\"section\" data-e-type=\"section\">\r\n\t\t\r\n\t\t\t\t\t\t\t<div class=\"elementor-container elementor-column-gap-default\">\r\n\t\t\t\t\t\t\t\t\t\t\t<div class=\"elementor-column elementor-col-50 elementor-top-column elementor-element elementor-element-57b00c8\" data-id=\"57b00c8\" data-element_type=\"column\" data-e-type=\"column\">\r\n\t\t\t\t\t<div class=\"elementor-widget-wrap elementor-element-populated\">\r\n\t\t\t\t\t\t\t\t<div class=\"elementor-element elementor-element-6674004 elementor-widget elementor-widget-heading\" data-id=\"6674004\" data-element_type=\"widget\" data-e-type=\"widget\" data-widget_type=\"heading.default\">\n\t\t\t\t<div class=\"elementor-widget-container\">\n\t\t\t\t\t<h2 class=\"elementor-heading-title elementor-size-default\">Versatilidad en el dise\u00f1o y compatibilidad con dom\u00f3tica<\/h2>\t\t\t\t<\/div>\n\t\t\t\t<\/div>\n\t\t\t\t<div class=\"elementor-element elementor-element-66aae30 elementor-widget elementor-widget-text-editor\" data-id=\"66aae30\" data-element_type=\"widget\" data-e-type=\"widget\" data-widget_type=\"text-editor.default\">\n\t\t\t\t<div class=\"elementor-widget-container\">\n\t\t\t\t\t\t\t\t\t<p class=\"p1\">El sistema permite configuraciones con <span class=\"s1\"><b>m\u00faltiples carriles y hojas<\/b><\/span>, adapt\u00e1ndose a diversas necesidades arquitect\u00f3nicas. Adem\u00e1s, su integraci\u00f3n con <span class=\"s1\"><b>dispositivos inteligentes y sistemas dom\u00f3ticos<\/b><\/span> facilita el control del cerramiento, optimizando su uso en edificios residenciales, comerciales o proyectos de alto nivel.<\/p>\t\t\t\t\t\t\t\t<\/div>\n\t\t\t\t<\/div>\n\t\t\t\t<div class=\"elementor-element elementor-element-1e42c04 elementor-widget elementor-widget-heading\" data-id=\"1e42c04\" data-element_type=\"widget\" data-e-type=\"widget\" data-widget_type=\"heading.default\">\n\t\t\t\t<div class=\"elementor-widget-container\">\n\t\t\t\t\t<h2 class=\"elementor-heading-title elementor-size-default\">Una soluci\u00f3n para proyectos exigentes<\/h2>\t\t\t\t<\/div>\n\t\t\t\t<\/div>\n\t\t\t\t<div class=\"elementor-element elementor-element-58a9ec5 elementor-widget elementor-widget-text-editor\" data-id=\"58a9ec5\" data-element_type=\"widget\" data-e-type=\"widget\" data-widget_type=\"text-editor.default\">\n\t\t\t\t<div class=\"elementor-widget-container\">\n\t\t\t\t\t\t\t\t\t<p class=\"p1\">Desde estudios de arquitectura hasta promotores inmobiliarios, la ventana guillotina <span class=\"s1\"><b>AV-Skyline<\/b><\/span> est\u00e1 dise\u00f1ada para ofrecer soluciones t\u00e9cnicas sin comprometer la funcionalidad ni la seguridad. Su fabricaci\u00f3n por <span class=\"s1\"><b>Aluminium Vallirana<\/b><\/span>, empresa con a\u00f1os de experiencia en el sector, garantiza calidad, precisi\u00f3n y certificaciones que respaldan su fiabilidad.<\/p>\t\t\t\t\t\t\t\t<\/div>\n\t\t\t\t<\/div>\n\t\t\t\t\t<\/div>\r\n\t\t\t\t<\/div>\r\n\t\t\t\t<div class=\"elementor-column elementor-col-50 elementor-top-column elementor-element elementor-element-94684cb\" data-id=\"94684cb\" data-element_type=\"column\" data-e-type=\"column\">\r\n\t\t\t\t\t<div class=\"elementor-widget-wrap elementor-element-populated\">\r\n\t\t\t\t\t\t\t\t<div class=\"elementor-element elementor-element-8a9d4eb elementor-widget elementor-widget-video\" data-id=\"8a9d4eb\" data-element_type=\"widget\" data-e-type=\"widget\" data-settings=\"{&quot;video_type&quot;:&quot;hosted&quot;,&quot;autoplay&quot;:&quot;yes&quot;,&quot;controls&quot;:&quot;yes&quot;}\" data-widget_type=\"video.default\">\n\t\t\t\t<div class=\"elementor-widget-container\">\n\t\t\t\t\t\t\t<div class=\"e-hosted-video elementor-wrapper elementor-open-inline\">\n\t\t\t\t\t<video class=\"elementor-video\" src=\"https:\/\/aluminiosvallirana.es\/wp-content\/uploads\/2025\/03\/WhatsApp-Video-2025-03-18-at-23.19.57.mp4\" autoplay=\"\" controls=\"\" controlslist=\"nodownload\"><\/video>\n\t\t\t\t<\/div>\n\t\t\t\t\t\t<\/div>\n\t\t\t\t<\/div>\n\t\t\t\t\t<\/div>\r\n\t\t\t\t<\/div>\r\n\t\t\t\t\t<\/div>\r\n\t\t\t\t<\/section>\r\n\t\t\t\t<section class=\"elementor-section elementor-top-section elementor-element elementor-element-f69d606 elementor-section-boxed elementor-section-height-default elementor-section-height-default\" data-id=\"f69d606\" data-element_type=\"section\" data-e-type=\"section\">\r\n\t\t\r\n\t\t\t\t\t\t\t<div class=\"elementor-container elementor-column-gap-default\">\r\n\t\t\t\t\t\t\t\t\t\t\t<div class=\"elementor-column elementor-col-100 elementor-top-column elementor-element elementor-element-c4310e8\" data-id=\"c4310e8\" data-element_type=\"column\" data-e-type=\"column\">\r\n\t\t\t\t\t<div class=\"elementor-widget-wrap elementor-element-populated\">\r\n\t\t\t\t\t\t\t\t<div class=\"elementor-element elementor-element-f4d00cb elementor-widget elementor-widget-heading\" data-id=\"f4d00cb\" data-element_type=\"widget\" data-e-type=\"widget\" data-widget_type=\"heading.default\">\n\t\t\t\t<div class=\"elementor-widget-container\">\n\t\t\t\t\t<h2 class=\"elementor-heading-title elementor-size-default\">Solicita m\u00e1s informaci\u00f3n<\/h2>\t\t\t\t<\/div>\n\t\t\t\t<\/div>\n\t\t\t\t<div class=\"elementor-element elementor-element-1712111 elementor-widget elementor-widget-text-editor\" data-id=\"1712111\" data-element_type=\"widget\" data-e-type=\"widget\" data-widget_type=\"text-editor.default\">\n\t\t\t\t<div class=\"elementor-widget-container\">\n\t\t\t\t\t\t\t\t\t<p class=\"p1\">Si buscas un sistema de ventana guillotina que <span class=\"s1\"><b>maximice la luz, optimice el espacio y garantice eficiencia energ\u00e9tica<\/b><\/span>, <span class=\"s1\"><b>AV-Skyline<\/b><\/span> es la opci\u00f3n ideal para tu proyecto. Contacta con nuestro equipo para recibir asesoramiento t\u00e9cnico y descubrir todas las posibilidades de personalizaci\u00f3n.<\/p>\t\t\t\t\t\t\t\t<\/div>\n\t\t\t\t<\/div>\n\t\t\t\t\t<\/div>\r\n\t\t\t\t<\/div>\r\n\t\t\t\t\t<\/div>\r\n\t\t\t\t<\/section>\r\n\t\t\t\t<\/div>","protected":false},"excerpt":{"rendered":"<p>Optimizaci\u00f3n del espacio y m\u00e1xima luminosidad con tecnolog\u00eda de vanguardia En el dise\u00f1o arquitect\u00f3nico actual, la integraci\u00f3n fluida entre interior y exterior es clave para maximizar la luz natural, optimizar el espacio y mejorar la eficiencia energ\u00e9tica de los proyectos. La ventana guillotina AV-Skyline, fabricada por Aluminios Vallirana, representa una soluci\u00f3n avanzada para aquellos profesionales [&hellip;]<\/p>\n","protected":false},"author":1,"featured_media":6156,"comment_status":"closed","ping_status":"open","sticky":false,"template":"","format":"standard","meta":{"_acf_changed":false,"om_disable_all_campaigns":false,"footnotes":""},"categories":[246],"tags":[],"class_list":["post-6146","post","type-post","status-publish","format-standard","has-post-thumbnail","hentry","category-ventanas"],"acf":[],"aioseo_notices":[],"featured_image_src":{"landsacpe":["https:\/\/aluminiosvallirana.es\/wp-content\/uploads\/2025\/03\/guillotina-minimalista-skyline-1140x445.jpg",1140,445,true],"list":["https:\/\/aluminiosvallirana.es\/wp-content\/uploads\/2025\/03\/guillotina-minimalista-skyline-463x348.jpg",463,348,true],"medium":["https:\/\/aluminiosvallirana.es\/wp-content\/uploads\/2025\/03\/guillotina-minimalista-skyline-300x200.jpg",300,200,true],"full":["https:\/\/aluminiosvallirana.es\/wp-content\/uploads\/2025\/03\/guillotina-minimalista-skyline.jpg",1616,1080,false]},"_links":{"self":[{"href":"https:\/\/aluminiosvallirana.es\/fr\/wp-json\/wp\/v2\/posts\/6146","targetHints":{"allow":["GET"]}}],"collection":[{"href":"https:\/\/aluminiosvallirana.es\/fr\/wp-json\/wp\/v2\/posts"}],"about":[{"href":"https:\/\/aluminiosvallirana.es\/fr\/wp-json\/wp\/v2\/types\/post"}],"author":[{"embeddable":true,"href":"https:\/\/aluminiosvallirana.es\/fr\/wp-json\/wp\/v2\/users\/1"}],"replies":[{"embeddable":true,"href":"https:\/\/aluminiosvallirana.es\/fr\/wp-json\/wp\/v2\/comments?post=6146"}],"version-history":[{"count":14,"href":"https:\/\/aluminiosvallirana.es\/fr\/wp-json\/wp\/v2\/posts\/6146\/revisions"}],"predecessor-version":[{"id":6164,"href":"https:\/\/aluminiosvallirana.es\/fr\/wp-json\/wp\/v2\/posts\/6146\/revisions\/6164"}],"wp:featuredmedia":[{"embeddable":true,"href":"https:\/\/aluminiosvallirana.es\/fr\/wp-json\/wp\/v2\/media\/6156"}],"wp:attachment":[{"href":"https:\/\/aluminiosvallirana.es\/fr\/wp-json\/wp\/v2\/media?parent=6146"}],"wp:term":[{"taxonomy":"category","embeddable":true,"href":"https:\/\/aluminiosvallirana.es\/fr\/wp-json\/wp\/v2\/categories?post=6146"},{"taxonomy":"post_tag","embeddable":true,"href":"https:\/\/aluminiosvallirana.es\/fr\/wp-json\/wp\/v2\/tags?post=6146"}],"curies":[{"name":"wp","href":"https:\/\/api.w.org\/{rel}","templated":true}]}}